{"id":248,"date":"2026-08-26T11:33:00","date_gmt":"2026-08-26T11:33:00","guid":{"rendered":"https:\/\/konyveloiq.hu\/?p=248"},"modified":"2026-08-26T11:33:00","modified_gmt":"2026-08-26T11:33:00","slug":"mnb-botrany-igy-lat-munkahoz-a-parlamenti-vizsgalobizottsag","status":"publish","type":"post","link":"https:\/\/konyveloiq.hu\/?p=248","title":{"rendered":"MNB-botr\u00e1ny: \u00edgy l\u00e1t munk\u00e1hoz a parlamenti vizsg\u00e1l\u00f3bizotts\u00e1g"},"content":{"rendered":"<p>A p\u00e9nz \u00fatj\u00e1t \u00e9s a politikai felel\u0151ss\u00e9get is fel fogja der\u00edteni a Magyar Nemzeti Bank (MNB) m\u0171k\u00f6d\u00e9s\u00e9vel kapcsolatos vissza\u00e9l\u00e9seket felt\u00e1r\u00f3 orsz\u00e1ggy\u0171l\u00e9si vizsg\u00e1l\u00f3bizotts\u00e1g \u2013 emelte ki a Tisza P\u00e1rt orsz\u00e1ggy\u0171l\u00e9si frakci\u00f3j\u00e1nak a vizsg\u00e1l\u00f3bizotts\u00e1g szerdai alakul\u00f3 \u00fcl\u00e9se el\u0151tt tartott sajt\u00f3t\u00e1j\u00e9koztat\u00f3j\u00e1n a bizotts\u00e1g eln\u00f6ke. Cs\u0151szi Attila (Tisza P\u00e1rt) \u00fagy fogalmazott, \u00e1prilis 12.<\/p>\n","protected":false},"excerpt":{"rendered":"<p>A p\u00e9nz \u00fatj\u00e1t \u00e9s a politikai felel\u0151ss\u00e9get is fel fogja der\u00edteni a Magyar Nemzeti Bank (MNB) m\u0171k\u00f6d\u00e9s\u00e9vel kapcsolatos vissza\u00e9l\u00e9seket felt\u00e1r\u00f3 orsz\u00e1ggy\u0171l\u00e9si vizsg\u00e1l\u00f3bizotts\u00e1g \u2013 emelte ki a Tisza P\u00e1rt orsz\u00e1ggy\u0171l\u00e9si frakci\u00f3j\u00e1nak a vizsg\u00e1l\u00f3bizotts\u00e1g szerdai alakul\u00f3 \u00fcl\u00e9se el\u0151tt tartott sajt\u00f3t\u00e1j\u00e9koztat\u00f3j\u00e1n a bizotts\u00e1g eln\u00f6ke. Cs\u0151szi Attila (Tisza P\u00e1rt) \u00fagy fogalmazott, \u00e1prilis 12.<\/p>\n","protected":false},"author":3,"featured_media":0,"comment_status":"open","ping_status":"open","sticky":false,"template":"","format":"standard","meta":{"original_article_url":"https:\/\/mfor.hu\/cikkek\/makro\/mnb-botrany-igy-lat-munkahoz-a-parlamenti-vizsgalobizottsag.html","media_file_url":"https:\/\/mfor.hu\/i\/c\/8\/e\/8\/3\/8\/2\/2\/6\/7\/a\/a\/5\/b\/a\/9\/8\/1\/8\/9\/mnb-botrany-igy-lat-munkahoz-a-parlamenti-vizsgalobizottsag_md.jpg","footnotes":""},"categories":[1],"tags":[],"hirportal":[7],"class_list":["post-248","post","type-post","status-publish","format-standard","hentry","category-uncategorized","hirportal-mfor"],"_links":{"self":[{"href":"https:\/\/konyveloiq.hu\/index.php?rest_route=\/wp\/v2\/posts\/248","targetHints":{"allow":["GET"]}}],"collection":[{"href":"https:\/\/konyveloiq.hu\/index.php?rest_route=\/wp\/v2\/posts"}],"about":[{"href":"https:\/\/konyveloiq.hu\/index.php?rest_route=\/wp\/v2\/types\/post"}],"author":[{"embeddable":true,"href":"https:\/\/konyveloiq.hu\/index.php?rest_route=\/wp\/v2\/users\/3"}],"replies":[{"embeddable":true,"href":"https:\/\/konyveloiq.hu\/index.php?rest_route=%2Fwp%2Fv2%2Fcomments&post=248"}],"version-history":[{"count":0,"href":"https:\/\/konyveloiq.hu\/index.php?rest_route=\/wp\/v2\/posts\/248\/revisions"}],"wp:attachment":[{"href":"https:\/\/konyveloiq.hu\/index.php?rest_route=%2Fwp%2Fv2%2Fmedia&parent=248"}],"wp:term":[{"taxonomy":"category","embeddable":true,"href":"https:\/\/konyveloiq.hu\/index.php?rest_route=%2Fwp%2Fv2%2Fcategories&post=248"},{"taxonomy":"post_tag","embeddable":true,"href":"https:\/\/konyveloiq.hu\/index.php?rest_route=%2Fwp%2Fv2%2Ftags&post=248"},{"taxonomy":"hirportal","embeddable":true,"href":"https:\/\/konyveloiq.hu\/index.php?rest_route=%2Fwp%2Fv2%2Fhirportal&post=248"}],"curies":[{"name":"wp","href":"https:\/\/api.w.org\/{rel}","templated":true}]}}